{"id":651,"date":"2019-09-18T10:10:50","date_gmt":"2019-09-18T08:10:50","guid":{"rendered":"https:\/\/ostinato.fr\/?p=651"},"modified":"2019-09-19T15:06:38","modified_gmt":"2019-09-19T13:06:38","slug":"jeunesse-et-musique-a-lehpad-de-sainte-anne-dauray","status":"publish","type":"post","link":"https:\/\/ostinato.fr\/index.php\/2019\/09\/18\/jeunesse-et-musique-a-lehpad-de-sainte-anne-dauray\/","title":{"rendered":"Ostinato au coeur de la D\u00e9fense avec les personnes sans-abris"},"content":{"rendered":"\n<h4 class=\"wp-block-heading\">En musique contre l&rsquo;isolement des personnes de la rue. <\/h4>\n\n\n\n<p>Lieu de circulation, le site de la D\u00e9fense fait se c\u00f4toyer des milliers de personnes chaque jour. Parmi elles, les salari\u00e9s des nombreuses entreprises, ceux qui vivent \u00ab\u00a0au-dessus\u00a0\u00bb du parvis mais \u00e9galement les personnes de la rue accueillies par la <a rel=\"noreferrer noopener\" aria-label=\"Maison de l'Amiti\u00e9 (opens in a new tab)\" href=\"https:\/\/lamaisondelamitie.fr\/\" target=\"_blank\">Maison de l&rsquo;Amiti\u00e9<\/a>, celles qui vivent \u00ab\u00a0en -dessous\u00a0\u00bb. L&rsquo;id\u00e9e du projet \u00ab\u00a0En musique contre l&rsquo;isolement\u00a0\u00bb dans le cadre du <a rel=\"noreferrer noopener\" aria-label=\"Festival Atmosph\u00e8res (opens in a new tab)\" href=\"https:\/\/www.atmospheresfestival.com\/\" target=\"_blank\">Festival Atmosph\u00e8res<\/a>, est de permettre \u00e0 tous, non plus de se croiser sans se voir mais de se rencontrer notamment par la musique. Une vingtaine de personnes \u00ab\u00a0du dessus\u00a0\u00bb et \u00ab\u00a0du dessous\u00a0\u00bb joueront du djemb\u00e9, accompagn\u00e9s par 25 jeunes musiciens de l&rsquo;Orchestre Atelier Ostinato sur un programme sp\u00e9cialement con\u00e7u pour eux. Ils auront eu plusieurs ateliers et r\u00e9p\u00e9titions qui les conduiront \u00e0 deux concerts publics le 8 octobre 2019. Pablo Casals disait \u00ab\u00a0La musique chasse la haine chez ceux qui sont sans amour\u00a0\u00bb. Ce projet est un extraordinaire moyen de redonner confiance en eux \u00e0 des personnes fragiles et une sensibilisation \u00e0 la beaut\u00e9 de la relation humaine.<\/p>\n\n\n\n<h4 class=\"wp-block-heading\">Un moment d&rsquo;\u00e9coute et de partage extraordinaire<\/h4>\n\n\n\n<div class=\"wp-block-media-text alignwide\"><figure class=\"wp-block-media-text__media\"><img loading=\"lazy\" decoding=\"async\" width=\"1024\" height=\"491\" src=\"https:\/\/ostinato.fr\/wp-content\/uploads\/2019\/09\/prison-reau-1024x491.jpg\" alt=\"\" class=\"wp-image-2817\" srcset=\"https:\/\/ostinato.fr\/wp-content\/uploads\/2019\/09\/prison-reau-1024x491.jpg 1024w, https:\/\/ostinato.fr\/wp-content\/uploads\/2019\/09\/prison-reau-300x144.jpg 300w, https:\/\/ostinato.fr\/wp-content\/uploads\/2019\/09\/prison-reau-768x368.jpg 768w, https:\/\/ostinato.fr\/wp-content\/uploads\/2019\/09\/prison-reau.jpg 1173w\" sizes=\"(max-width: 1024px) 100vw, 1024px\" \/><\/figure><div class=\"wp-block-media-text__content\">\n<p class=\"has-large-font-size\"><\/p>\n<\/div><\/div>\n","protected":false},"excerpt":{"rendered":"<p>L\u2019Orchestre Atelier Ostinato s\u2019engage dans la lutte contre la solitude et l\u2019isolement aupr\u00e8s des personnes sans-abris le 8 Octobre \u00e0 la D\u00e9fense<\/p>\n","protected":false},"author":1,"featured_media":2798,"comment_status":"open","ping_status":"open","sticky":false,"template":"","format":"standard","meta":{"sfsi_plus_gutenberg_text_before_share":"","sfsi_plus_gutenberg_show_text_before_share":"","sfsi_plus_gutenberg_icon_type":"","sfsi_plus_gutenberg_icon_alignemt":"","sfsi_plus_gutenburg_max_per_row":"","ghostkit_customizer_options":"","ghostkit_custom_css":"","ghostkit_custom_js_head":"","ghostkit_custom_js_foot":"","ghostkit_typography":"","_mi_skip_tracking":false,"footnotes":""},"categories":[1],"tags":[],"_links":{"self":[{"href":"https:\/\/ostinato.fr\/index.php\/wp-json\/wp\/v2\/posts\/651"}],"collection":[{"href":"https:\/\/ostinato.fr\/index.php\/wp-json\/wp\/v2\/posts"}],"about":[{"href":"https:\/\/ostinato.fr\/index.php\/wp-json\/wp\/v2\/types\/post"}],"author":[{"embeddable":true,"href":"https:\/\/ostinato.fr\/index.php\/wp-json\/wp\/v2\/users\/1"}],"replies":[{"embeddable":true,"href":"https:\/\/ostinato.fr\/index.php\/wp-json\/wp\/v2\/comments?post=651"}],"version-history":[{"count":14,"href":"https:\/\/ostinato.fr\/index.php\/wp-json\/wp\/v2\/posts\/651\/revisions"}],"predecessor-version":[{"id":2823,"href":"https:\/\/ostinato.fr\/index.php\/wp-json\/wp\/v2\/posts\/651\/revisions\/2823"}],"wp:featuredmedia":[{"embeddable":true,"href":"https:\/\/ostinato.fr\/index.php\/wp-json\/wp\/v2\/media\/2798"}],"wp:attachment":[{"href":"https:\/\/ostinato.fr\/index.php\/wp-json\/wp\/v2\/media?parent=651"}],"wp:term":[{"taxonomy":"category","embeddable":true,"href":"https:\/\/ostinato.fr\/index.php\/wp-json\/wp\/v2\/categories?post=651"},{"taxonomy":"post_tag","embeddable":true,"href":"https:\/\/ostinato.fr\/index.php\/wp-json\/wp\/v2\/tags?post=651"}],"curies":[{"name":"wp","href":"https:\/\/api.w.org\/{rel}","templated":true}]}}