{"id":4792,"date":"2025-04-08T16:07:29","date_gmt":"2025-04-08T14:07:29","guid":{"rendered":"https:\/\/ostinato.fr\/?p=4792"},"modified":"2025-05-22T15:38:52","modified_gmt":"2025-05-22T13:38:52","slug":"retour-a-la-philharmonie","status":"publish","type":"post","link":"https:\/\/ostinato.fr\/index.php\/2025\/04\/08\/retour-a-la-philharmonie\/","title":{"rendered":"Retour \u00e0 la Philharmonie"},"content":{"rendered":"<p>\u00ab\u00a0La musique est un langage universel\u00a0\u00bb proclamait la chanteuse malienne Fatoumata Diawara, accompagn\u00e9e par l&rsquo;orchestre Ostinato en septembre 2024.<br \/>\nC&rsquo;\u00e9tait pour les musiciens de l&rsquo;Orchestre l&rsquo;occasion d&rsquo;\u00eatre confront\u00e9s \u00e0 des exigences diff\u00e9rentes de celles qu&rsquo;ils rencontrent tout au long des sessions, en particulier la capacit\u00e9 d&rsquo;adaptation n\u00e9cessaire dans un cadre musical plus mouvant. C&rsquo;est avec un grand bonheur qu&rsquo;ils ont exp\u00e9riment\u00e9 cette facette du m\u00e9tier de musicien d&rsquo;orchestre dans le cadre prestigieux de la grande salle Pierre Boulez.<br \/>\nM\u00eame salle, nouveau style, nouveau d\u00e9fi, rendez-vous le 30 ao\u00fbt dans le cadre du festival \u00ab\u00a0<a href=\"https:\/\/jazzalavillette.com\/fr\/\" target=\"_blank\" rel=\"noopener\">Jazz \u00e0 la Villette<\/a>\u00a0\u00bb pour le concert \u00ab\u00a0<a href=\"https:\/\/jazzalavillette.com\/fr\/evenement\/29035\/the-shape-of-jazz-to-come-denardo-coleman-ostinato\" target=\"_blank\" rel=\"noopener\">The Shape of Jazz to Come<\/a>\u00ab\u00a0.<\/p>\n<p>&nbsp;<\/p>\n<p><a href=\"https:\/\/ostinato.fr\/index.php\/event\/the-shape-of-jazz-to-come\/\" target=\"_blank\" rel=\"noopener\">lien vers l&rsquo;agenda<\/a><\/p>\n","protected":false},"excerpt":{"rendered":"<p>\u00ab\u00a0La musique est un langage universel\u00a0\u00bb proclamait la chanteuse malienne Fatoumata Diawara, accompagn\u00e9e par l&rsquo;orchestre Ostinato en septembre 2024.<br \/>\nM\u00eame salle, nouveau style, nouveau d\u00e9fi, rendez-vous le 30 ao\u00fbt dans le cadre du festival \u00ab\u00a0Jazz \u00e0 la Villette\u00a0\u00bb pour le concert \u00ab\u00a0The Shape of Jazz to Come\u00a0\u00bb.<\/p>\n","protected":false},"author":2,"featured_media":4810,"comment_status":"closed","ping_status":"closed","sticky":false,"template":"","format":"standard","meta":{"sfsi_plus_gutenberg_text_before_share":"","sfsi_plus_gutenberg_show_text_before_share":"","sfsi_plus_gutenberg_icon_type":"","sfsi_plus_gutenberg_icon_alignemt":"","sfsi_plus_gutenburg_max_per_row":"","ghostkit_customizer_options":"","ghostkit_custom_css":"","ghostkit_custom_js_head":"","ghostkit_custom_js_foot":"","ghostkit_typography":"","_mi_skip_tracking":false,"footnotes":""},"categories":[1],"tags":[],"_links":{"self":[{"href":"https:\/\/ostinato.fr\/index.php\/wp-json\/wp\/v2\/posts\/4792"}],"collection":[{"href":"https:\/\/ostinato.fr\/index.php\/wp-json\/wp\/v2\/posts"}],"about":[{"href":"https:\/\/ostinato.fr\/index.php\/wp-json\/wp\/v2\/types\/post"}],"author":[{"embeddable":true,"href":"https:\/\/ostinato.fr\/index.php\/wp-json\/wp\/v2\/users\/2"}],"replies":[{"embeddable":true,"href":"https:\/\/ostinato.fr\/index.php\/wp-json\/wp\/v2\/comments?post=4792"}],"version-history":[{"count":5,"href":"https:\/\/ostinato.fr\/index.php\/wp-json\/wp\/v2\/posts\/4792\/revisions"}],"predecessor-version":[{"id":4838,"href":"https:\/\/ostinato.fr\/index.php\/wp-json\/wp\/v2\/posts\/4792\/revisions\/4838"}],"wp:featuredmedia":[{"embeddable":true,"href":"https:\/\/ostinato.fr\/index.php\/wp-json\/wp\/v2\/media\/4810"}],"wp:attachment":[{"href":"https:\/\/ostinato.fr\/index.php\/wp-json\/wp\/v2\/media?parent=4792"}],"wp:term":[{"taxonomy":"category","embeddable":true,"href":"https:\/\/ostinato.fr\/index.php\/wp-json\/wp\/v2\/categories?post=4792"},{"taxonomy":"post_tag","embeddable":true,"href":"https:\/\/ostinato.fr\/index.php\/wp-json\/wp\/v2\/tags?post=4792"}],"curies":[{"name":"wp","href":"https:\/\/api.w.org\/{rel}","templated":true}]}}