{"id":4604,"date":"2024-12-12T14:11:49","date_gmt":"2024-12-12T13:11:49","guid":{"rendered":"https:\/\/ostinato.fr\/?p=4604"},"modified":"2025-02-05T16:54:08","modified_gmt":"2025-02-05T15:54:08","slug":"en-musique-pour-plus-dhumanite-au-musee-dorsay","status":"publish","type":"post","link":"https:\/\/ostinato.fr\/index.php\/2024\/12\/12\/en-musique-pour-plus-dhumanite-au-musee-dorsay\/","title":{"rendered":"En Musique Pour Plus d&rsquo;Humanit\u00e9 au Mus\u00e9e d&rsquo;Orsay"},"content":{"rendered":"<h2>Un projet fou ! Unique ! Humain !<\/h2>\n<p>La Symphonie Fantastique dans la grande nef du mus\u00e9e d\u2019Orsay :<br \/>\ud83c\udf40 un orchestre symphonique de 80 jeunes instrumentistes parmi les meilleurs de leur g\u00e9n\u00e9ration,<br \/>\ud83c\udf40 des personnes r\u00e9fugi\u00e9es qui ont dans\u00e9 sur la chor\u00e9graphie de Maxime Thomas &#8211; danseur \u00e0 l&rsquo;Op\u00e9ra de Paris &#8211; et qui ont d\u00e9clam\u00e9 leurs textes sur les th\u00e8mes de la solitude, du r\u00eave et de la nature,<br \/>\ud83c\udf40 des personnes d\u00e9tenues aux percussions pr\u00e9par\u00e9es pendant 3 mois par Manon Duchemann. Ils sont sortis exceptionnellement pour l&rsquo;\u00e9v\u00e9nement.<br \/>\ud83c\udf40 plus de 100 artistes dirig\u00e9s par Julien Leroy !<\/p>\n<p><img loading=\"lazy\" decoding=\"async\" class=\"alignnone wp-image-4724 size-full\" src=\"https:\/\/ostinato.fr\/wp-content\/uploads\/2024\/12\/\u00a9Musee-dOrsay-Allison-Bellido-Espichan22.png\" alt=\"\" width=\"2216\" height=\"1456\" srcset=\"https:\/\/ostinato.fr\/wp-content\/uploads\/2024\/12\/\u00a9Musee-dOrsay-Allison-Bellido-Espichan22.png 2216w, https:\/\/ostinato.fr\/wp-content\/uploads\/2024\/12\/\u00a9Musee-dOrsay-Allison-Bellido-Espichan22-300x197.png 300w, https:\/\/ostinato.fr\/wp-content\/uploads\/2024\/12\/\u00a9Musee-dOrsay-Allison-Bellido-Espichan22-1024x673.png 1024w, https:\/\/ostinato.fr\/wp-content\/uploads\/2024\/12\/\u00a9Musee-dOrsay-Allison-Bellido-Espichan22-768x505.png 768w, https:\/\/ostinato.fr\/wp-content\/uploads\/2024\/12\/\u00a9Musee-dOrsay-Allison-Bellido-Espichan22-1536x1009.png 1536w, https:\/\/ostinato.fr\/wp-content\/uploads\/2024\/12\/\u00a9Musee-dOrsay-Allison-Bellido-Espichan22-2048x1346.png 2048w, https:\/\/ostinato.fr\/wp-content\/uploads\/2024\/12\/\u00a9Musee-dOrsay-Allison-Bellido-Espichan22-1320x867.png 1320w\" sizes=\"(max-width: 2216px) 100vw, 2216px\" \/><\/p>\n<p>Apr\u00e8s le Grand Palais \u00c9ph\u00e9m\u00e8re en 2022 avec la 9\u00e8 symphonie de Beethoven dirig\u00e9e par Jean-Christophe Spinosi, le projet \u201cvoyage\u201d \u00e0 la Maison de la Mutualit\u00e9 en 2023 dirig\u00e9 par Chlo\u00e9 Dufresne, c\u2019est le mus\u00e9e d\u2019Orsay qu&rsquo;a investi Ostinato en ce d\u00e9but d\u2019ann\u00e9e 2025 avec un projet encore plus fou pour d\u00e9montrer ce que la \u201cmusique peut faire pour plus d\u2019humanit\u00e9\u201d.<\/p>\n<p>\u00a0<\/p>\n<p>Des personnes d\u00e9tenues, des personnes accompagn\u00e9es par le Secours Populaire, l\u2019Arm\u00e9e du Salut, Coallia, et JRS France ont fait partie des artistes.<\/p>\n<p>Ce projet nous dit comment la pratique de cr\u00e9ation individuelle et collective des arts permet de sortir de sa solitude physique ou int\u00e9rieure, combien elle est porteuse d\u2019espoir, et quelle ouverture elle repr\u00e9sente. Le canal artistique est essentiel et touche du doigt l\u2019\u00eatre humain par ces langages universels que sont la musique, la danse, la mise en mots &#8230; Il montre que tout le monde vit avec des enfermements, des douleurs, et combien une exp\u00e9rience artistique collective va transformer la personne, dans sa confiance en elle, dans son rapport \u00e0 l\u2019autre et permettre une r\u00e9insertion sociale et une ouverture aux autres.<\/p>\n<p>Depuis 2018, les jeunes musiciens de l\u2019Orchestre Ostinato, s\u2019investissent dans des actions citoyennes et de d\u00e9veloppement durable en allant \u00e0 la rencontre des publics isol\u00e9s et permettant de faire \u00e9merger des imaginaires. Ils s\u2019engagent depuis 7 ans pour la cr\u00e9ation de lien social : la lutte contre la solitude \u00e0 travers leur grand th\u00e8me \u201cEn musique pour plus d\u2019humanit\u00e9\u201d.<\/p>\n<p>Reportage de TV5 Monde sur cet \u00e9v\u00e8nement :<\/p>\n<p>\u00a0<\/p>\n\n\n<figure class=\"wp-block-embed is-type-video is-provider-youtube wp-block-embed-youtube wp-embed-aspect-16-9 wp-has-aspect-ratio\"><div class=\"wp-block-embed__wrapper\">\n<iframe loading=\"lazy\" title=\"TV5 Monde En Musique Pour Plus d&#039;Humanit\u00e9\" width=\"696\" height=\"392\" src=\"https:\/\/www.youtube.com\/embed\/E0rcZ1nIVpA?feature=oembed\" frameborder=\"0\" allow=\"accelerometer; autoplay; clipboard-write; encrypted-media; gyroscope; picture-in-picture; web-share\" referrerpolicy=\"strict-origin-when-cross-origin\" allowfullscreen><\/iframe>\n<\/div><\/figure>\n\n\n\n<p><\/p>\n","protected":false},"excerpt":{"rendered":"<p>Un projet fou ! Unique ! Humain !<\/p>\n<p>La Symphonie Fantastique dans la grande nef du mus\u00e9e d\u2019Orsay.<\/p>\n","protected":false},"author":2,"featured_media":4605,"comment_status":"closed","ping_status":"closed","sticky":false,"template":"","format":"standard","meta":{"sfsi_plus_gutenberg_text_before_share":"","sfsi_plus_gutenberg_show_text_before_share":"","sfsi_plus_gutenberg_icon_type":"","sfsi_plus_gutenberg_icon_alignemt":"","sfsi_plus_gutenburg_max_per_row":"","ghostkit_customizer_options":"","ghostkit_custom_css":"","ghostkit_custom_js_head":"","ghostkit_custom_js_foot":"","ghostkit_typography":"","_mi_skip_tracking":false,"footnotes":""},"categories":[1],"tags":[],"_links":{"self":[{"href":"https:\/\/ostinato.fr\/index.php\/wp-json\/wp\/v2\/posts\/4604"}],"collection":[{"href":"https:\/\/ostinato.fr\/index.php\/wp-json\/wp\/v2\/posts"}],"about":[{"href":"https:\/\/ostinato.fr\/index.php\/wp-json\/wp\/v2\/types\/post"}],"author":[{"embeddable":true,"href":"https:\/\/ostinato.fr\/index.php\/wp-json\/wp\/v2\/users\/2"}],"replies":[{"embeddable":true,"href":"https:\/\/ostinato.fr\/index.php\/wp-json\/wp\/v2\/comments?post=4604"}],"version-history":[{"count":9,"href":"https:\/\/ostinato.fr\/index.php\/wp-json\/wp\/v2\/posts\/4604\/revisions"}],"predecessor-version":[{"id":4740,"href":"https:\/\/ostinato.fr\/index.php\/wp-json\/wp\/v2\/posts\/4604\/revisions\/4740"}],"wp:featuredmedia":[{"embeddable":true,"href":"https:\/\/ostinato.fr\/index.php\/wp-json\/wp\/v2\/media\/4605"}],"wp:attachment":[{"href":"https:\/\/ostinato.fr\/index.php\/wp-json\/wp\/v2\/media?parent=4604"}],"wp:term":[{"taxonomy":"category","embeddable":true,"href":"https:\/\/ostinato.fr\/index.php\/wp-json\/wp\/v2\/categories?post=4604"},{"taxonomy":"post_tag","embeddable":true,"href":"https:\/\/ostinato.fr\/index.php\/wp-json\/wp\/v2\/tags?post=4604"}],"curies":[{"name":"wp","href":"https:\/\/api.w.org\/{rel}","templated":true}]}}