{"id":4173,"date":"2022-06-30T17:26:00","date_gmt":"2022-06-30T15:26:00","guid":{"rendered":"https:\/\/ostinato.fr\/?p=4173"},"modified":"2024-08-29T14:19:38","modified_gmt":"2024-08-29T12:19:38","slug":"une-nouvelle-direction-artistique","status":"publish","type":"post","link":"https:\/\/ostinato.fr\/index.php\/2022\/06\/30\/une-nouvelle-direction-artistique\/","title":{"rendered":"Une nouvelle direction artistique"},"content":{"rendered":"<h3 class=\"p1\">Jean-Fran\u00e7ois Heisser, Chlo\u00e9 Dufresne, Julien Leroy, Anne Gastinel et Pierre Fouchenneret prennent la direction artistique de l\u2019Orchestre Ostinato<\/h3>\n<p class=\"p2\">Fond\u00e9 en 1997 sous l\u2019impulsion de Manuel Rosenthal, l\u2019Orchestre-atelier Ostinato &#8211; qui devient en 2023 l\u2019Orchestre Ostinato &#8211; soutient l\u2019\u00e9mergence par l\u2019insertion professionnelle de jeunes talents et apporte \u00e0 ses 80 instrumentistes \u00e2g\u00e9s de 18 \u00e0 25 ans, une formation r\u00e9mun\u00e9r\u00e9e au m\u00e9tier de musicien d&rsquo;orchestre . Durant le cursus, ils sont encadr\u00e9s par <strong><span class=\"s1\">Jan Orawiec <\/span>, violon solo des Si\u00e8cles<\/strong> qui est leur responsable p\u00e9dagogique.<\/p>\n<p class=\"p2\">Ostinato donne entre 20 et 30 concerts par an dans des salles prestigieuses comme la Philharmonie de Paris, le Th\u00e9\u00e2tre de l\u2019Ath\u00e9n\u00e9e, le Th\u00e9\u00e2tre du Ch\u00e2telet. Il d\u00e9veloppe des partenariats artistiques notamment avec l&rsquo;Acad\u00e9mie de l&rsquo;Op\u00e9ra national de Paris. Ses \u00e9l\u00e8ves int\u00e8grent chaque ann\u00e9e les phalanges d\u2019orchestres nationaux et internationaux reconnus comme l\u2019Orchestre Philharmonique de Radio France, l&rsquo;Orchestre de Paris ou le City of Birmingham Symphony Orchestra, le Deutsches Symphonie Orchester Berlin, l&rsquo;Orchestre Philharmonique du Luxembourg pour n\u2019en citer que quelques-uns.<\/p>\n<h3 class=\"p2\">L&rsquo;ann\u00e9e 2023 marque la naissance d&rsquo;une nouvelle direction artistique collective :<\/h3>\n<p class=\"p3\"><span class=\"s2\">\u25cf <\/span><strong>Jean-Fran\u00e7ois Heisser (pianiste et chef d&rsquo;orchestre)<\/strong> <span class=\"s2\">: au-del\u00e0 de ses activit\u00e9s de concertiste, il <\/span>s&rsquo;engage pour la cr\u00e9ation et la production des jeunes talents. Directeur musical de l&rsquo;Orchestre de Chambre Nouvelle Aquitaine, fondateur du festival Ravel, il programme le festival de Sceaux et les soir\u00e9es musicales d&rsquo;Arles. Jean-Fran\u00e7ois Heisser est parrain du projet Ostinato.<\/p>\n<p class=\"p2\">\u25cf <span class=\"s1\"><strong>Chlo\u00e9 Dufresne (cheffe d\u2019orchestre)<\/strong> <\/span>: form\u00e9e \u00e0 la prestigieuse Sibelius Academy, la cheffe est laur\u00e9ate de plusieurs concours internationaux (Malko et Besan\u00e7on). Elle assiste notamment Gustavo Dudamel \u00e0 l&rsquo;Orchestre Philharmonique de Los Angeles et est cheffe invit\u00e9e de nombreux orchestres en France et \u00e0 l&rsquo;\u00e9tranger.<\/p>\n<p class=\"p2\">\u25cf<strong> <span class=\"s1\">Julien Leroy (chef d\u2019orchestre) <\/span><\/strong>: Talent chef d\u2019orchestre ADAMI, il d\u00e9bute en qualit\u00e9 de chef assistant de l\u2019Ensemble Intercontemporain et du Festival de Lucerne. Il est aujourd\u2019hui chef principal du United instruments of Lucilin et chef invit\u00e9 de nombreuses phalanges fran\u00e7aises et internationales.<\/p>\n<p class=\"p2\">\u25cf <strong><span class=\"s1\">Anne Gastinel (violoncelliste) <\/span><\/strong>: forte d\u2019une longue carri\u00e8re internationale, elle se produit aux c\u00f4t\u00e9s des plus grands (Yehudi Menuhin, Mstislav Rostropovitch ou Kurt Sanderling). En 2006, elle re\u00e7oit la Victoire de la musique dans la cat\u00e9gorie Soliste de l\u2019ann\u00e9e. Elle est professeure au CNSMD de Lyon.<\/p>\n<p class=\"p2\">\u25cf <span class=\"s1\"><strong>Pierre Fouchenneret (violoniste)<\/strong> <\/span>: violoniste prodige, il a enregistr\u00e9 plus d&rsquo;une vingtaine de disques et se produit en soliste avec de grands orchestres internationaux. Il fonde en 2013 le Quatuor Strada avec Fran\u00e7ois Salque, Sarah Nemtanu et Lise Berthaud.<\/p>\n<p class=\"p2\">Avec la perspective d\u2019une p\u00e9dagogie innovante et d\u2019une programmation ambitieuse , l\u2019Orchestre Ostinato voit \u00e9voluer sa direction artistique et pour cela fait le choix du collectif . La diversit\u00e9 de ses membres a ainsi pour but de favoriser une vari\u00e9t\u00e9 des r\u00e9pertoires jou\u00e9s (du baroque au contemporain) et des projets (musique symphonique, op\u00e9ra, concerto, jou\u00e9-dirig\u00e9, transdisciplinaire) pour pr\u00e9parer au mieux les jeunes musiciens \u00e0 leur futur m\u00e9tier. Ces derniers \u00e9volueront au sein d\u2019ensembles \u00e0 g\u00e9om\u00e9trie variable, de la musique de chambre \u00e0 l&rsquo;orchestre symphonique, ils seront encadr\u00e9s par des solistes des plus grandes phalanges internationales (Op\u00e9ra National de Paris, Orchestre national de France, Orchestre Les Si\u00e8cles, Orchestre de Paris, Orchestre Philharmonique de Radio France, Orchestre Philharmonique de Berlin&#8230;) et b\u00e9n\u00e9ficieront de plus de vingt ateliers de travail durant leurs deux ann\u00e9es de formation.<\/p>\n<p class=\"p2\">L&rsquo;inclusion \u00e9tant au coeur des pr\u00e9occupations d&rsquo;Ostinato, des actions culturelles en partenariat avec les centres p\u00e9nitentiaires d\u2019\u00cele-de-France continueront d\u2019\u00eatre organis\u00e9es. Durant ses deux ann\u00e9es au sein de l\u2019orchestre, chaque \u00e9l\u00e8ve fera grandir son engagement aupr\u00e8s des personnes isol\u00e9es en participant aux programmes \u00ab en musique pour plus d\u2019humanit\u00e9 \u00bb et \u00ab apporter la musique \u00e0 l\u2019\u00e9cole \u00bb qui consistent \u00e0 aller \u00e0 la rencontre de publics isol\u00e9s et du jeune public et en cr\u00e9ant avec eux des projets artistiques sp\u00e9cifiques.<\/p>\n","protected":false},"excerpt":{"rendered":"<p>Jean-Fran\u00e7ois Heisser, Chlo\u00e9 Dufresne, Julien Leroy, Anne Gastinel et Pierre Fouchenneret prennent la direction artistique de l\u2019Orchestre Ostinato<\/p>\n","protected":false},"author":2,"featured_media":4161,"comment_status":"closed","ping_status":"closed","sticky":false,"template":"","format":"standard","meta":{"sfsi_plus_gutenberg_text_before_share":"","sfsi_plus_gutenberg_show_text_before_share":"","sfsi_plus_gutenberg_icon_type":"","sfsi_plus_gutenberg_icon_alignemt":"","sfsi_plus_gutenburg_max_per_row":"","ghostkit_customizer_options":"","ghostkit_custom_css":"","ghostkit_custom_js_head":"","ghostkit_custom_js_foot":"","ghostkit_typography":"","_mi_skip_tracking":false,"footnotes":""},"categories":[1],"tags":[],"_links":{"self":[{"href":"https:\/\/ostinato.fr\/index.php\/wp-json\/wp\/v2\/posts\/4173"}],"collection":[{"href":"https:\/\/ostinato.fr\/index.php\/wp-json\/wp\/v2\/posts"}],"about":[{"href":"https:\/\/ostinato.fr\/index.php\/wp-json\/wp\/v2\/types\/post"}],"author":[{"embeddable":true,"href":"https:\/\/ostinato.fr\/index.php\/wp-json\/wp\/v2\/users\/2"}],"replies":[{"embeddable":true,"href":"https:\/\/ostinato.fr\/index.php\/wp-json\/wp\/v2\/comments?post=4173"}],"version-history":[{"count":2,"href":"https:\/\/ostinato.fr\/index.php\/wp-json\/wp\/v2\/posts\/4173\/revisions"}],"predecessor-version":[{"id":4184,"href":"https:\/\/ostinato.fr\/index.php\/wp-json\/wp\/v2\/posts\/4173\/revisions\/4184"}],"wp:featuredmedia":[{"embeddable":true,"href":"https:\/\/ostinato.fr\/index.php\/wp-json\/wp\/v2\/media\/4161"}],"wp:attachment":[{"href":"https:\/\/ostinato.fr\/index.php\/wp-json\/wp\/v2\/media?parent=4173"}],"wp:term":[{"taxonomy":"category","embeddable":true,"href":"https:\/\/ostinato.fr\/index.php\/wp-json\/wp\/v2\/categories?post=4173"},{"taxonomy":"post_tag","embeddable":true,"href":"https:\/\/ostinato.fr\/index.php\/wp-json\/wp\/v2\/tags?post=4173"}],"curies":[{"name":"wp","href":"https:\/\/api.w.org\/{rel}","templated":true}]}}