{"id":3978,"date":"2023-02-15T11:28:18","date_gmt":"2023-02-15T10:28:18","guid":{"rendered":"https:\/\/ostinato.fr\/?p=3978"},"modified":"2023-02-21T16:26:32","modified_gmt":"2023-02-21T15:26:32","slug":"bolero-et-autres-ravel","status":"publish","type":"post","link":"https:\/\/ostinato.fr\/index.php\/2023\/02\/15\/bolero-et-autres-ravel\/","title":{"rendered":"Bol\u00e9ro et autres Ravel"},"content":{"rendered":"<h2>Artistes:<\/h2>\n<ul>\n<li>Jean-Luc Tingaud, direction<\/li>\n<li>Orchestre-Atelier Ostinato<\/li>\n<\/ul>\n<h2>Programme:<\/h2>\n<ul>\n<li>Ravel,\u00a0<em>Bol\u00e9ro<\/em><\/li>\n<li>Ravel,\u00a0<em>Rapsodie espagnole<\/em><\/li>\n<li>Chabrier,\u00a0<em>Esapana<\/em><\/li>\n<li>Debussy,\u00a0<em>Iberia<\/em><\/li>\n<\/ul>\n<p>Si l\u2019on dit : danse de bal \u00e0 trois temps apparue en Espagne au XVIII e si\u00e8cle, on reste, a priori, sans voix. En revanche si on dit Ravel, il y a fort \u00e0 parier que beaucoup r\u00e9pondent : Bol\u00e9ro !<\/p>\n<p>Pour f\u00eater la deuxi\u00e8me ann\u00e9e de r\u00e9sidence artistique de l\u2019Orchestre atelier Ostinato au Th\u00e9\u00e2tre de Suresnes Jean Vilar, c\u2019est \u00e0 une grande f\u00eate autour de Ravel que vous \u00eates convi\u00e9s ! Car le Bol\u00e9ro du grand Maurice Ravel n\u2019est pas seulement l\u2019\u0153uvre la plus jou\u00e9e au monde, c\u2019est aussi une exp\u00e9rience visuelle, sensorielle, spectaculaire ; voir tour \u00e0 tour chaque instrument jouer son solo, sentir monter la puissance de l\u2019orchestre dans un inexorable crescendo, attendre la culmination pour la modulation finale\u2026 sans parler de la fin \u00e9poustouflante qui ne sera r\u00e9v\u00e9l\u00e9e qu\u2019au concert !<\/p>\n<h2>Date:<\/h2>\n<p>Le 12 mars 2023 de 17h \u00e0 18h<\/p>\n<h2>Adresse:<\/h2>\n<p>Th\u00e9\u00e2tre de Suresnes Jean Vilar, 16 Pl. Stalingrad, 92150 Suresnes<\/p>\n","protected":false},"excerpt":{"rendered":"<p>Si l\u2019on dit : danse de bal \u00e0 trois temps apparue en Espagne au XVIII e si\u00e8cle, on reste, a priori, sans voix. En revanche si on dit Ravel, il y a fort \u00e0 parier que beaucoup r\u00e9pondent : Bol\u00e9ro !<\/p>\n","protected":false},"author":2,"featured_media":3736,"comment_status":"closed","ping_status":"closed","sticky":false,"template":"","format":"standard","meta":{"sfsi_plus_gutenberg_text_before_share":"","sfsi_plus_gutenberg_show_text_before_share":"","sfsi_plus_gutenberg_icon_type":"","sfsi_plus_gutenberg_icon_alignemt":"","sfsi_plus_gutenburg_max_per_row":"","ghostkit_customizer_options":"","ghostkit_custom_css":"","ghostkit_custom_js_head":"","ghostkit_custom_js_foot":"","ghostkit_typography":"","_mi_skip_tracking":false,"footnotes":""},"categories":[1],"tags":[],"_links":{"self":[{"href":"https:\/\/ostinato.fr\/index.php\/wp-json\/wp\/v2\/posts\/3978"}],"collection":[{"href":"https:\/\/ostinato.fr\/index.php\/wp-json\/wp\/v2\/posts"}],"about":[{"href":"https:\/\/ostinato.fr\/index.php\/wp-json\/wp\/v2\/types\/post"}],"author":[{"embeddable":true,"href":"https:\/\/ostinato.fr\/index.php\/wp-json\/wp\/v2\/users\/2"}],"replies":[{"embeddable":true,"href":"https:\/\/ostinato.fr\/index.php\/wp-json\/wp\/v2\/comments?post=3978"}],"version-history":[{"count":8,"href":"https:\/\/ostinato.fr\/index.php\/wp-json\/wp\/v2\/posts\/3978\/revisions"}],"predecessor-version":[{"id":4460,"href":"https:\/\/ostinato.fr\/index.php\/wp-json\/wp\/v2\/posts\/3978\/revisions\/4460"}],"wp:featuredmedia":[{"embeddable":true,"href":"https:\/\/ostinato.fr\/index.php\/wp-json\/wp\/v2\/media\/3736"}],"wp:attachment":[{"href":"https:\/\/ostinato.fr\/index.php\/wp-json\/wp\/v2\/media?parent=3978"}],"wp:term":[{"taxonomy":"category","embeddable":true,"href":"https:\/\/ostinato.fr\/index.php\/wp-json\/wp\/v2\/categories?post=3978"},{"taxonomy":"post_tag","embeddable":true,"href":"https:\/\/ostinato.fr\/index.php\/wp-json\/wp\/v2\/tags?post=3978"}],"curies":[{"name":"wp","href":"https:\/\/api.w.org\/{rel}","templated":true}]}}