{"id":3727,"date":"2022-08-30T10:40:56","date_gmt":"2022-08-30T08:40:56","guid":{"rendered":"https:\/\/ostinato.fr\/?p=3727"},"modified":"2022-08-30T15:49:49","modified_gmt":"2022-08-30T13:49:49","slug":"2-octobre-grands-airs-dopera-a-suresnes","status":"publish","type":"post","link":"https:\/\/ostinato.fr\/index.php\/2022\/08\/30\/2-octobre-grands-airs-dopera-a-suresnes\/","title":{"rendered":"2 Octobre Grands Airs d&rsquo;Op\u00e9ra \u00e0 Suresnes"},"content":{"rendered":"<h2>Artistes:<\/h2>\n<ul>\n<li>Jean-Luc Tingaud, direction<\/li>\n<li>Orchestre-Atelier Ostinato<\/li>\n<li>Soliste de l&rsquo;Acad\u00e9mie de l&rsquo;Op\u00e9ra de Paris<\/li>\n<\/ul>\n<h2>Programme:<\/h2>\n<ul>\n<li>Grands Airs d&rsquo;Op\u00e9ra de Mozart<\/li>\n<\/ul>\n<h2>R\u00e9servation :<\/h2>\n<p><a href=\"https:\/\/billetterie.theatre-suresnes.fr\/selection\/event\/date?productId=10228514103276\">suivre ce lien<\/a><\/p>\n<h2><\/h2>\n<p>&nbsp;<\/p>\n","protected":false},"excerpt":{"rendered":"<p>Dans le cadre de sa r\u00e9sidence, Ostinato accompagnera au th\u00e9\u00e2tre de Suresnes Jean Vilar, Marianne Croux, soprano et Timoth\u00e9e Varon, baryton dans des airs de Mozart le 2 octobre <\/p>\n","protected":false},"author":2,"featured_media":3786,"comment_status":"closed","ping_status":"closed","sticky":false,"template":"","format":"standard","meta":{"sfsi_plus_gutenberg_text_before_share":"","sfsi_plus_gutenberg_show_text_before_share":"","sfsi_plus_gutenberg_icon_type":"","sfsi_plus_gutenberg_icon_alignemt":"","sfsi_plus_gutenburg_max_per_row":"","ghostkit_customizer_options":"","ghostkit_custom_css":"","ghostkit_custom_js_head":"","ghostkit_custom_js_foot":"","ghostkit_typography":"","_mi_skip_tracking":false,"footnotes":""},"categories":[1],"tags":[],"_links":{"self":[{"href":"https:\/\/ostinato.fr\/index.php\/wp-json\/wp\/v2\/posts\/3727"}],"collection":[{"href":"https:\/\/ostinato.fr\/index.php\/wp-json\/wp\/v2\/posts"}],"about":[{"href":"https:\/\/ostinato.fr\/index.php\/wp-json\/wp\/v2\/types\/post"}],"author":[{"embeddable":true,"href":"https:\/\/ostinato.fr\/index.php\/wp-json\/wp\/v2\/users\/2"}],"replies":[{"embeddable":true,"href":"https:\/\/ostinato.fr\/index.php\/wp-json\/wp\/v2\/comments?post=3727"}],"version-history":[{"count":2,"href":"https:\/\/ostinato.fr\/index.php\/wp-json\/wp\/v2\/posts\/3727\/revisions"}],"predecessor-version":[{"id":4458,"href":"https:\/\/ostinato.fr\/index.php\/wp-json\/wp\/v2\/posts\/3727\/revisions\/4458"}],"wp:featuredmedia":[{"embeddable":true,"href":"https:\/\/ostinato.fr\/index.php\/wp-json\/wp\/v2\/media\/3786"}],"wp:attachment":[{"href":"https:\/\/ostinato.fr\/index.php\/wp-json\/wp\/v2\/media?parent=3727"}],"wp:term":[{"taxonomy":"category","embeddable":true,"href":"https:\/\/ostinato.fr\/index.php\/wp-json\/wp\/v2\/categories?post=3727"},{"taxonomy":"post_tag","embeddable":true,"href":"https:\/\/ostinato.fr\/index.php\/wp-json\/wp\/v2\/tags?post=3727"}],"curies":[{"name":"wp","href":"https:\/\/api.w.org\/{rel}","templated":true}]}}