{"id":3637,"date":"2022-04-03T11:08:00","date_gmt":"2022-04-03T09:08:00","guid":{"rendered":"https:\/\/ostinato.fr\/?p=3637"},"modified":"2022-06-17T10:43:06","modified_gmt":"2022-06-17T08:43:06","slug":"en-musique-pour-plus-dhumanite-grand-palais-ephemere-15-juin-a-20h","status":"publish","type":"post","link":"https:\/\/ostinato.fr\/index.php\/2022\/04\/03\/en-musique-pour-plus-dhumanite-grand-palais-ephemere-15-juin-a-20h\/","title":{"rendered":"En musique pour plus d&rsquo;humanit\u00e9. Grand Palais \u00c9ph\u00e9m\u00e8re &#8211; 15 juin \u00e0 20h"},"content":{"rendered":"<h2>Programme:<\/h2>\n<p>Rythm\u00e9, dans\u00e9, slam\u00e9 : Ludwig van Beethoven, Symphonie n\u00b09<\/p>\n<ul>\n<li>Jean-Christophe Spinosi, direction<\/li>\n<li>Orchestre-Atelier Ostinato<\/li>\n<li>Maxime Thomas, chor\u00e9graphe<\/li>\n<li>Tarik, slam<\/li>\n<li>Thierry Malard, percussions<\/li>\n<li>Choeur Lili Boulanger<\/li>\n<\/ul>\n<p>Depuis 2018, les jeunes musiciens de l\u2019<strong><em>Orchestre Atelier Ostinato<\/em><\/strong> s\u2019investissent dans des actions citoyennes et de d\u00e9veloppement durable en allant \u00e0 la rencontre des publics isol\u00e9s et en permettant de faire \u00e9merger des imaginaires. Depuis trois ans, ils s\u2019engagent dans la lutte contre la solitude \u00e0 travers ce grand projet En musique pour plus d\u2019humanit\u00e9.<\/p>\n<p>D\u2019avril \u00e0 juin 2022, au cours de diff\u00e9rents ateliers, des d\u00e9tenus du centre p\u00e9nitentiaire de Nanterre et des jeunes en situation de pr\u00e9carit\u00e9 vont cr\u00e9er une oeuvre collective m\u00ealant danse, arts de rue et musique classique accompagn\u00e9s d\u2019artistes professionnels et de jeunes musiciens. Sur un programme dirig\u00e9 par le chef d\u2019orchestre Jean-Christophe Spinosi, les d\u00e9tenus de la Maison d\u2019Arr\u00eat de Nanterre vont d\u00e9clamer des textes de slam r\u00e9dig\u00e9s lors d\u2019ateliers en prison, encadr\u00e9s par le chanteur Tarik (finaliste en 2021 de l\u2019\u00e9mission <em>The Voice<\/em>). Un groupe, compos\u00e9 de jeunes adultes accueillis par le <em>Secours Populaire<\/em> et <em>La Maison de l\u2019Amiti\u00e9<\/em>, va cr\u00e9er une partie percussion, tandis qu\u2019un autre groupe pr\u00e9parera une chor\u00e9graphie encadr\u00e9 par Maxime Thomas, danseur de l\u2019Op\u00e9ra de Paris.<\/p>\n<p>Le 15 juin 2022, au Grand Palais \u00c9ph\u00e9m\u00e8re, aura lieu la restitution publique et gratuite de ce travail lors de ce grand concert.<\/p>\n<p><a href=\"https:\/\/my.weezevent.com\/en-musique-pour-plus-dhumanite\">R\u00e9server sur ce lien<\/a><\/p>\n","protected":false},"excerpt":{"rendered":"<p>Les jeunes musiciens de l\u2019Orchestre Atelier Ostinato s\u2019investissent dans des actions citoyennes et de d\u00e9veloppement durable en allant \u00e0 la rencontre des publics isol\u00e9s et en permettant de faire \u00e9merger des imaginaires. Depuis trois ans, ils s\u2019engagent dans la lutte contre la solitude \u00e0 travers ce grand projet En musique pour plus d\u2019humanit\u00e9.<\/p>\n","protected":false},"author":2,"featured_media":3632,"comment_status":"closed","ping_status":"closed","sticky":false,"template":"","format":"standard","meta":{"sfsi_plus_gutenberg_text_before_share":"","sfsi_plus_gutenberg_show_text_before_share":"","sfsi_plus_gutenberg_icon_type":"","sfsi_plus_gutenberg_icon_alignemt":"","sfsi_plus_gutenburg_max_per_row":"","ghostkit_customizer_options":"","ghostkit_custom_css":"","ghostkit_custom_js_head":"","ghostkit_custom_js_foot":"","ghostkit_typography":"","_mi_skip_tracking":false,"footnotes":""},"categories":[1],"tags":[],"_links":{"self":[{"href":"https:\/\/ostinato.fr\/index.php\/wp-json\/wp\/v2\/posts\/3637"}],"collection":[{"href":"https:\/\/ostinato.fr\/index.php\/wp-json\/wp\/v2\/posts"}],"about":[{"href":"https:\/\/ostinato.fr\/index.php\/wp-json\/wp\/v2\/types\/post"}],"author":[{"embeddable":true,"href":"https:\/\/ostinato.fr\/index.php\/wp-json\/wp\/v2\/users\/2"}],"replies":[{"embeddable":true,"href":"https:\/\/ostinato.fr\/index.php\/wp-json\/wp\/v2\/comments?post=3637"}],"version-history":[{"count":6,"href":"https:\/\/ostinato.fr\/index.php\/wp-json\/wp\/v2\/posts\/3637\/revisions"}],"predecessor-version":[{"id":3765,"href":"https:\/\/ostinato.fr\/index.php\/wp-json\/wp\/v2\/posts\/3637\/revisions\/3765"}],"wp:featuredmedia":[{"embeddable":true,"href":"https:\/\/ostinato.fr\/index.php\/wp-json\/wp\/v2\/media\/3632"}],"wp:attachment":[{"href":"https:\/\/ostinato.fr\/index.php\/wp-json\/wp\/v2\/media?parent=3637"}],"wp:term":[{"taxonomy":"category","embeddable":true,"href":"https:\/\/ostinato.fr\/index.php\/wp-json\/wp\/v2\/categories?post=3637"},{"taxonomy":"post_tag","embeddable":true,"href":"https:\/\/ostinato.fr\/index.php\/wp-json\/wp\/v2\/tags?post=3637"}],"curies":[{"name":"wp","href":"https:\/\/api.w.org\/{rel}","templated":true}]}}