{"id":3605,"date":"2022-02-07T11:06:36","date_gmt":"2022-02-07T10:06:36","guid":{"rendered":"https:\/\/ostinato.fr\/?p=3605"},"modified":"2022-02-07T12:11:27","modified_gmt":"2022-02-07T11:11:27","slug":"le-carnaval-gastronomique-des-animaux-de-camille-saint-saens","status":"publish","type":"post","link":"https:\/\/ostinato.fr\/index.php\/2022\/02\/07\/le-carnaval-gastronomique-des-animaux-de-camille-saint-saens\/","title":{"rendered":"Le Carnaval (gastronomique) des Animaux de Saint-Sa\u00ebns du 22 au 28 mars \u00e0 Bastille"},"content":{"rendered":"<p>La musique de Saint-Sa\u00ebns est au menu de cette farce politique et sociale dans laquelle un bestiaire loufoque, \u00e0 la rencontre du fantastique des contes de Grimm et de Perrault et du burlesque de Tex Avery et de la Warner, cherche \u00e0 mettre fin \u00e0 la tyrannie du Lion lors d\u2019un concours culinaire.<\/p>\n<p>CONTE MUSICAL<\/p>\n<p>Production de l&rsquo;Acad\u00e9mie de l&rsquo;Op\u00e9ra de Paris<\/p>\n<p>Camille Saint-Sa\u00ebns<\/p>\n<p>Jean-Fran\u00e7ois Verdier, direction<\/p>\n<ul class=\"component__list row no-border-top \">\n<li class=\"component__item col-xs-12\">\n<div class=\"row\">\n<div class=\"col-xs-12 col-md-4\">\n<p class=\"component__character\">Com\u00e9diens :<\/p>\n<\/div>\n<div class=\"col-xs-12 col-md-8\">\n<div class=\"row\">\n<ul class=\"component__col-count-list col-xs-12 col-md-12 \">\n<li>Sol Esp\u00e8che<\/li>\n<li>Adrien Gamba-Gontard<\/li>\n<\/ul>\n<\/div>\n<\/div>\n<\/div>\n<\/li>\n<li class=\"component__item col-xs-12\">\n<div class=\"row\">\n<div class=\"col-xs-12 col-md-4\">\n<p class=\"component__character\">Musiciens :<\/p>\n<\/div>\n<div class=\"col-xs-12 col-md-8\">\n<div class=\"row\">\n<ul class=\"component__col-count-list col-xs-12 col-md-12 \">\n<li>L\u2019Orchestre-Atelier Ostinato<\/li>\n<li>Les musiciens en r\u00e9sidence \u00e0 l\u2019Acad\u00e9mie<\/li>\n<\/ul>\n<\/div>\n<\/div>\n<p><b>Repr\u00e9sentations tout public<br \/>\n<\/b>25 mars 2022 \u00e0 20:00<br \/>\n26 mars 2022 \u00e0 15:00<br \/>\n26 mars 2022 \u00e0 20:00<\/p>\n<p><b>Repr\u00e9sentations scolaires<\/b>\u00a0&#8211;\u00a0<a href=\"https:\/\/www.operadeparis.fr\/services-et-infos-pratiques\/groupes#enseignants\" target=\"_blank\" rel=\"noopener\">Comment r\u00e9server ?<\/a><br \/>\n22 mars 2022 \u00e0 14:00<br \/>\n24 mars 2022 \u00e0 14:00<br \/>\n28 mars 2022 \u00e0 14:00<\/p>\n<h4>Tarifs<\/h4>\n<p><b>Adulte :\u00a0<\/b>16 \u20ac<br \/>\n<b>Moins de 15 ans :<\/b>\u00a05 \u20ac<br \/>\n<b>Scolaire :\u00a0<\/b>5 \u20ac<\/p>\n<p><b>Le 26 mars \u00e0 15h est un s\u00e9ance inclusive Relax<br \/>\n<\/b>Ce dispositif d\u2019accueil inclusif vise \u00e0 faciliter la venue au th\u00e9\u00e2tre de personnes dont le handicap peut entra\u00eener des comportements atypiques et impr\u00e9visibles. Les codes de la repr\u00e9sentation seront ainsi assouplis pour que chacun profite de l\u2019\u00e9motion du spectacle sans crainte du regard des autres.<\/p>\n<\/div>\n<\/li>\n<\/ul>\n","protected":false},"excerpt":{"rendered":"<p>La musique de Saint-Sa\u00ebns est au menu de cette farce politique et sociale dans laquelle un bestiaire loufoque, \u00e0 la rencontre du fantastique des contes de Grimm et de Perrault et du burlesque de Tex Avery et de la Warner, cherche \u00e0 mettre fin \u00e0 la tyrannie du Lion lors d\u2019un concours culinaire.<\/p>\n","protected":false},"author":2,"featured_media":3606,"comment_status":"closed","ping_status":"closed","sticky":false,"template":"","format":"standard","meta":{"sfsi_plus_gutenberg_text_before_share":"","sfsi_plus_gutenberg_show_text_before_share":"","sfsi_plus_gutenberg_icon_type":"","sfsi_plus_gutenberg_icon_alignemt":"","sfsi_plus_gutenburg_max_per_row":"","ghostkit_customizer_options":"","ghostkit_custom_css":"","ghostkit_custom_js_head":"","ghostkit_custom_js_foot":"","ghostkit_typography":"","_mi_skip_tracking":false,"footnotes":""},"categories":[1],"tags":[],"_links":{"self":[{"href":"https:\/\/ostinato.fr\/index.php\/wp-json\/wp\/v2\/posts\/3605"}],"collection":[{"href":"https:\/\/ostinato.fr\/index.php\/wp-json\/wp\/v2\/posts"}],"about":[{"href":"https:\/\/ostinato.fr\/index.php\/wp-json\/wp\/v2\/types\/post"}],"author":[{"embeddable":true,"href":"https:\/\/ostinato.fr\/index.php\/wp-json\/wp\/v2\/users\/2"}],"replies":[{"embeddable":true,"href":"https:\/\/ostinato.fr\/index.php\/wp-json\/wp\/v2\/comments?post=3605"}],"version-history":[{"count":4,"href":"https:\/\/ostinato.fr\/index.php\/wp-json\/wp\/v2\/posts\/3605\/revisions"}],"predecessor-version":[{"id":3610,"href":"https:\/\/ostinato.fr\/index.php\/wp-json\/wp\/v2\/posts\/3605\/revisions\/3610"}],"wp:featuredmedia":[{"embeddable":true,"href":"https:\/\/ostinato.fr\/index.php\/wp-json\/wp\/v2\/media\/3606"}],"wp:attachment":[{"href":"https:\/\/ostinato.fr\/index.php\/wp-json\/wp\/v2\/media?parent=3605"}],"wp:term":[{"taxonomy":"category","embeddable":true,"href":"https:\/\/ostinato.fr\/index.php\/wp-json\/wp\/v2\/categories?post=3605"},{"taxonomy":"post_tag","embeddable":true,"href":"https:\/\/ostinato.fr\/index.php\/wp-json\/wp\/v2\/tags?post=3605"}],"curies":[{"name":"wp","href":"https:\/\/api.w.org\/{rel}","templated":true}]}}