{"id":3064,"date":"2020-01-26T10:45:00","date_gmt":"2020-01-26T09:45:00","guid":{"rendered":"https:\/\/ostinato.fr\/?p=3064"},"modified":"2020-03-25T14:50:55","modified_gmt":"2020-03-25T13:50:55","slug":"un-petit-tour-a-vienne","status":"publish","type":"post","link":"https:\/\/ostinato.fr\/index.php\/2020\/01\/26\/un-petit-tour-a-vienne\/","title":{"rendered":"Un petit tour \u00e0 Vienne&#8230;"},"content":{"rendered":"\n<h4 class=\"wp-block-heading\">Artistes:<\/h4>\n\n\n\n<ul><li>Orchestre-Atelier Ostinato<\/li><li>&nbsp;Loussin\u00e9 Haroutounian, violon<\/li><li>Nicolas Simon, direction<\/li><\/ul>\n\n\n\n<h4 class=\"wp-block-heading\">Programme:<\/h4>\n\n\n\n<ul><li><em>Concerto pour violon en r\u00e9 majeur<\/em>, Beethoven<\/li><li><em>Symphonie n\u00b041 \u00ab&nbsp;Jupiter&nbsp;\u00bb<\/em>, Mozart<\/li><\/ul>\n\n\n\n<p><\/p>\n\n\n\n<p><\/p>\n\n\n\n<p><\/p>\n\n\n\n<p>Un avant-gout du printemps par un <strong>petit tour \u00e0 Vienne <\/strong>! Les musiciens d&rsquo;Ostinato rendent hommage \u00e0 <strong>deux compositeurs phares du Wiener Klassik.<\/strong><\/p>\n\n\n\n<p>Quoi de mieux qu&rsquo;un prolongement de l&rsquo;ann\u00e9e <strong>Beethoven<\/strong> ? C&rsquo;est <strong>Loussin\u00e9 Haroutounian<\/strong> que nous aurons le plaisir d&rsquo;accompagner dans le c\u00e9l\u00e8bre <em><strong>Concerto pour violon<\/strong><\/em> du compositeur.<\/p>\n\n\n\n<p>S&rsquo;ajoutera au programme la <em><strong>Symphonie Jupiter<\/strong><\/em> de <strong>Mozart<\/strong>, oeuvre qu&rsquo;il compose en un \u00e9clair&nbsp;durant l&rsquo;\u00e9t\u00e9 1788.<\/p>\n\n\n\n<p>Sous la baguette de <strong>Nicolas Simon<\/strong>, les musiciens d&rsquo;Ostinato vous feront voyager !<\/p>\n\n\n\n<h4 class=\"wp-block-heading\">Date:<\/h4>\n\n\n\n<p>Vendredi 14 Mars 2020 20h30<\/p>\n\n\n\n<h4 class=\"wp-block-heading\">Lieu de concert:<\/h4>\n\n\n\n<p>Auditorium de Vincennes \u2013 98 Rue de Fontenay, 94300 Vincennes<\/p>\n","protected":false},"excerpt":{"rendered":"<p>Un avant-gout du printemps par un petit tour \u00e0 Vienne ! Les musiciens d&rsquo;Ostinato rendent hommage \u00e0 deux compositeurs phares du Wiener Klassik.<\/p>\n","protected":false},"author":2,"featured_media":500,"comment_status":"closed","ping_status":"closed","sticky":false,"template":"","format":"standard","meta":{"sfsi_plus_gutenberg_text_before_share":"","sfsi_plus_gutenberg_show_text_before_share":"","sfsi_plus_gutenberg_icon_type":"","sfsi_plus_gutenberg_icon_alignemt":"","sfsi_plus_gutenburg_max_per_row":"","ghostkit_customizer_options":"","ghostkit_custom_css":"","ghostkit_custom_js_head":"","ghostkit_custom_js_foot":"","ghostkit_typography":"","_mi_skip_tracking":false,"footnotes":""},"categories":[1],"tags":[],"_links":{"self":[{"href":"https:\/\/ostinato.fr\/index.php\/wp-json\/wp\/v2\/posts\/3064"}],"collection":[{"href":"https:\/\/ostinato.fr\/index.php\/wp-json\/wp\/v2\/posts"}],"about":[{"href":"https:\/\/ostinato.fr\/index.php\/wp-json\/wp\/v2\/types\/post"}],"author":[{"embeddable":true,"href":"https:\/\/ostinato.fr\/index.php\/wp-json\/wp\/v2\/users\/2"}],"replies":[{"embeddable":true,"href":"https:\/\/ostinato.fr\/index.php\/wp-json\/wp\/v2\/comments?post=3064"}],"version-history":[{"count":10,"href":"https:\/\/ostinato.fr\/index.php\/wp-json\/wp\/v2\/posts\/3064\/revisions"}],"predecessor-version":[{"id":3095,"href":"https:\/\/ostinato.fr\/index.php\/wp-json\/wp\/v2\/posts\/3064\/revisions\/3095"}],"wp:featuredmedia":[{"embeddable":true,"href":"https:\/\/ostinato.fr\/index.php\/wp-json\/wp\/v2\/media\/500"}],"wp:attachment":[{"href":"https:\/\/ostinato.fr\/index.php\/wp-json\/wp\/v2\/media?parent=3064"}],"wp:term":[{"taxonomy":"category","embeddable":true,"href":"https:\/\/ostinato.fr\/index.php\/wp-json\/wp\/v2\/categories?post=3064"},{"taxonomy":"post_tag","embeddable":true,"href":"https:\/\/ostinato.fr\/index.php\/wp-json\/wp\/v2\/tags?post=3064"}],"curies":[{"name":"wp","href":"https:\/\/api.w.org\/{rel}","templated":true}]}}