{"id":2858,"date":"2019-10-15T09:13:35","date_gmt":"2019-10-15T07:13:35","guid":{"rendered":"https:\/\/ostinato.fr\/?p=2858"},"modified":"2019-10-15T09:15:26","modified_gmt":"2019-10-15T07:15:26","slug":"bastien-et-bastienne-de-mozart-avec-lacademie-de-lopera-national-de-parie","status":"publish","type":"post","link":"https:\/\/ostinato.fr\/index.php\/2019\/10\/15\/bastien-et-bastienne-de-mozart-avec-lacademie-de-lopera-national-de-parie\/","title":{"rendered":"Bastien et Bastienne de Mozart avec l&rsquo;acad\u00e9mie de l&rsquo;Op\u00e9ra National de Paris"},"content":{"rendered":"\n<p>Du 29 Novembre au 11 D\u00e9cembre 2019<\/p>\n\n\n\n<h2 class=\"wp-block-heading\">Artistes :<\/h2>\n\n\n\n<ul><li>Acad\u00e9mie de l\u2019Op\u00e9ra national de Paris<\/li><li>Orchestre-Atelier Ostinato<\/li><li>L\u00e9o Warynski, direction<\/li><\/ul>\n\n\n\n<p>Production de l\u2019Acad\u00e9mie de l\u2019Op\u00e9ra national de Paris<\/p>\n\n\n\n<h2 class=\"wp-block-heading\">Programmation Jeune Public<\/h2>\n\n\n\n<p><em>Diggi, daggi, shurry, murry, horum, harum\u2026&nbsp;<\/em>: avec cette formule magique, le jeune berger Bastien pourra regagner le c\u0153ur de sa ch\u00e8re berg\u00e8re Bastienne\u2026 Mozart compose ce court&nbsp;<em>Singspiel&nbsp;<\/em>\u00e0 l\u2019\u00e2ge de 12 ans. Dans la mise en sc\u00e8ne de Mirabelle Ordinaire, l\u2019action est transport\u00e9e dans une f\u00eate foraine contemporaine o\u00f9 des badauds viennent tirer sur les loups en carton du stand de tir, le volage Bastien devient le m\u00e9canicien charg\u00e9 d\u2019entretenir les stands, pendant que les musiciens jouent dans leur kiosque \u00e0 musique. Pr\u00e9sent\u00e9 dans une version fran\u00e7aise, fid\u00e8le \u00e0 la sensibilit\u00e9 de Mozart, l\u2019op\u00e9ra est adapt\u00e9 pour \u00eatre imm\u00e9diatement compr\u00e9hensible par tous les publics.<\/p>\n\n\n\n<h2 class=\"wp-block-heading\">Adresse :<\/h2>\n\n\n\n<p>Op\u00e9ra Bastille \u2013 Amphith\u00e9\u00e2tre \u2013 Place de la Bastille, 75012 Paris<\/p>\n","protected":false},"excerpt":{"rendered":"<p>Une nouvelle collaboration autour de l&rsquo;Op\u00e9ra Bastien et Bastienne de Mozart avec l&rsquo;acad\u00e9mie de l&rsquo;Op\u00e9ra National de Paris aura lieu \u00e0 partir du 29 Novembre au 11 D\u00e9cembre<\/p>\n","protected":false},"author":2,"featured_media":2759,"comment_status":"closed","ping_status":"closed","sticky":false,"template":"","format":"standard","meta":{"sfsi_plus_gutenberg_text_before_share":"","sfsi_plus_gutenberg_show_text_before_share":"","sfsi_plus_gutenberg_icon_type":"","sfsi_plus_gutenberg_icon_alignemt":"","sfsi_plus_gutenburg_max_per_row":"","ghostkit_customizer_options":"","ghostkit_custom_css":"","ghostkit_custom_js_head":"","ghostkit_custom_js_foot":"","ghostkit_typography":"","_mi_skip_tracking":false,"footnotes":""},"categories":[1],"tags":[],"_links":{"self":[{"href":"https:\/\/ostinato.fr\/index.php\/wp-json\/wp\/v2\/posts\/2858"}],"collection":[{"href":"https:\/\/ostinato.fr\/index.php\/wp-json\/wp\/v2\/posts"}],"about":[{"href":"https:\/\/ostinato.fr\/index.php\/wp-json\/wp\/v2\/types\/post"}],"author":[{"embeddable":true,"href":"https:\/\/ostinato.fr\/index.php\/wp-json\/wp\/v2\/users\/2"}],"replies":[{"embeddable":true,"href":"https:\/\/ostinato.fr\/index.php\/wp-json\/wp\/v2\/comments?post=2858"}],"version-history":[{"count":4,"href":"https:\/\/ostinato.fr\/index.php\/wp-json\/wp\/v2\/posts\/2858\/revisions"}],"predecessor-version":[{"id":2864,"href":"https:\/\/ostinato.fr\/index.php\/wp-json\/wp\/v2\/posts\/2858\/revisions\/2864"}],"wp:featuredmedia":[{"embeddable":true,"href":"https:\/\/ostinato.fr\/index.php\/wp-json\/wp\/v2\/media\/2759"}],"wp:attachment":[{"href":"https:\/\/ostinato.fr\/index.php\/wp-json\/wp\/v2\/media?parent=2858"}],"wp:term":[{"taxonomy":"category","embeddable":true,"href":"https:\/\/ostinato.fr\/index.php\/wp-json\/wp\/v2\/categories?post=2858"},{"taxonomy":"post_tag","embeddable":true,"href":"https:\/\/ostinato.fr\/index.php\/wp-json\/wp\/v2\/tags?post=2858"}],"curies":[{"name":"wp","href":"https:\/\/api.w.org\/{rel}","templated":true}]}}